{"id":4532,"date":"2024-11-15T14:10:00","date_gmt":"2024-11-15T14:10:00","guid":{"rendered":"https:\/\/ped4all.eu\/2024\/11\/15\/lequipe-ped4all-presente-ses-recherches-sur-les-transitions-energetiques-justes-a-la-conference-openlab-brussels\/"},"modified":"2025-04-14T13:27:06","modified_gmt":"2025-04-14T12:27:06","slug":"lequipe-ped4all-presente-ses-recherches-sur-les-transitions-energetiques-justes-a-la-conference-openlab-brussels","status":"publish","type":"post","link":"https:\/\/ped4all.eu\/fr\/2024\/11\/15\/lequipe-ped4all-presente-ses-recherches-sur-les-transitions-energetiques-justes-a-la-conference-openlab-brussels\/","title":{"rendered":"L\u2019\u00e9quipe PED4ALL pr\u00e9sente ses recherches sur les transitions \u00e9nerg\u00e9tiques justes \u00e0 la conf\u00e9rence OpenLab.Brussels"},"content":{"rendered":"\n<p><em>Bruxelles, 13-14 novembre 2024 <\/em>\u2013 Lors de l\u2019\u00e9dition de cette ann\u00e9e de la conf\u00e9rence OpenLab, ayant pour th\u00e8me<em> \u00ab\u00a0Cr\u00e9er des connaissances par la recherche participative\u00a0\u00bb,<\/em> l\u2019\u00e9quipe PED4ALL a pr\u00e9sent\u00e9 son dernier article acad\u00e9mique intitul\u00e9 \u201cCo-producing just energy transition pathways for Cureghem &#8211; Preliminary insights from the PED4ALL project on PED development in complex urban neighbourhoods\u201d. Pr\u00e8s de 100 participants venus de divers pays europ\u00e9ens, int\u00e9ress\u00e9s par la recherche-action participative (PAR) et la science citoyenne, se sont r\u00e9unis pour partager leurs derni\u00e8res avanc\u00e9es scientifiques et pr\u00e9senter des projets visant \u00e0 rapprocher la science et la soci\u00e9t\u00e9. Le programme de deux jours, comprenant des conf\u00e9rences, des ateliers, des pr\u00e9sentations et des discussions approfondies, a offert une plateforme pr\u00e9cieuse d\u2019\u00e9change de connaissances.  <\/p>\n\n<figure class=\"wp-block-image alignfull size-full\"><img data-recalc-dims=\"1\" loading=\"lazy\" decoding=\"async\" width=\"500\" height=\"638\" src=\"https:\/\/i0.wp.com\/ped4all.eu\/wp-content\/uploads\/2024\/11\/dither_it_Picture9.jpg?resize=500%2C638&#038;ssl=1\" alt=\"\" class=\"wp-image-4658\" srcset=\"https:\/\/ped4all.eu\/wp-content\/uploads\/2024\/11\/dither_it_Picture9.jpg 500w, https:\/\/ped4all.eu\/wp-content\/uploads\/2024\/11\/dither_it_Picture9-480x612.jpg 480w\" sizes=\"(min-width: 0px) and (max-width: 480px) 480px, (min-width: 481px) 500px, 100vw\" \/><\/figure>\n\n<p>L\u2019\u00e9quipe PED4ALL a expos\u00e9 sa m\u00e9thodologie de recherche, incluant quatre ensembles d\u2019activit\u00e9s visant la co-d\u00e9veloppement de strat\u00e9gies pour la mise en \u0153uvre de Positive Energy Districts, tout en mettant en avant sa m\u00e9thodologie de co-production. En impliquant les communaut\u00e9s locales et les parties prenantes, l\u2019\u00e9quipe d\u00e9veloppe des strat\u00e9gies visant \u00e0 garantir une transition \u00e9nerg\u00e9tique \u00e9quitable et inclusive. <\/p>\n\n<blockquote class=\"wp-block-quote is-layout-flow wp-block-quote-is-layout-flow\">\n<p>En impliquant les communaut\u00e9s locales et les parties prenantes, l\u2019\u00e9quipe PED4ALL d\u00e9veloppe des strat\u00e9gies visant \u00e0 garantir une transition \u00e9nerg\u00e9tique \u00e9quitable et inclusive.<\/p>\n<\/blockquote>\n\n<p>Au centre de la discussion se trouvait Cureghem, un quartier de Bruxelles culturellement diversifi\u00e9 et socio-\u00e9conomiquement vuln\u00e9rable, et l&rsquo;\u00e9tude de cas choisie pour le projet, o\u00f9 les vuln\u00e9rabilit\u00e9s socio-\u00e9conomiques s&rsquo;entrecroisent avec les pressions de la r\u00e9novation urbaine et les d\u00e9fis de la transition \u00e9nerg\u00e9tique. L&rsquo;\u00e9quipe a pr\u00e9sent\u00e9 ses explorations des d\u00e9veloppements en cours sur le site de l&rsquo;Abattoir de Cureghem, qui sert de laboratoire vivant pour la durabilit\u00e9, en recherchant des moyens d&rsquo;\u00e9tendre ces innovations au quartier. Des exemples tels que le b\u00e2timent Foodmet, qui int\u00e8gre la production alimentaire et la production d&rsquo;\u00e9nergie renouvelable, et la r\u00e9novation de sites patrimoniaux avec des panneaux solaires ont \u00e9t\u00e9 pr\u00e9sent\u00e9s comme des mod\u00e8les d&rsquo;innovation. En outre, la discussion a port\u00e9 sur des \u00e9v\u00e9nements tels que Cultureghem&rsquo;s Dream Kitchen, une initiative qui rassemble la communaut\u00e9 pour cuisiner et partager des repas, pr\u00e9sentant le potentiel de ces exp\u00e9riences comme des occasions de discuter des pratiques \u00e9nerg\u00e9tiques quotidiennes et d&rsquo;explorer des id\u00e9es pour la transition vers l&rsquo;\u00e9nergie verte. L&rsquo;\u00e9quipe a soulign\u00e9 le potentiel de ces initiatives \u00e0 inspirer des solutions \u00e9nerg\u00e9tiques communautaires plus larges, en insistant sur la n\u00e9cessit\u00e9 de poursuivre la recherche sur la mise \u00e0 l&rsquo;\u00e9chelle et la reproduction des strat\u00e9gies PED. L&rsquo;accent mis sur le r\u00f4le de la recherche participative pour garantir que les politiques de transition \u00e9nerg\u00e9tique soient justes et socialement inclusives a occup\u00e9 une place centrale dans la discussion.     <\/p>\n\n<figure class=\"wp-block-image alignwide size-full\"><img data-recalc-dims=\"1\" loading=\"lazy\" decoding=\"async\" width=\"800\" height=\"280\" src=\"https:\/\/i0.wp.com\/ped4all.eu\/wp-content\/uploads\/2024\/11\/dither_it_Picture11-1blue.jpg?resize=800%2C280&#038;ssl=1\" alt=\"\" class=\"wp-image-4664\" srcset=\"https:\/\/ped4all.eu\/wp-content\/uploads\/2024\/11\/dither_it_Picture11-1blue.jpg 800w, https:\/\/ped4all.eu\/wp-content\/uploads\/2024\/11\/dither_it_Picture11-1blue-480x168.jpg 480w\" sizes=\"(min-width: 0px) and (max-width: 480px) 480px, (min-width: 481px) 800px, 100vw\" \/><\/figure>\n","protected":false},"excerpt":{"rendered":"<p>Bruxelles, 13-14 novembre 2024 \u2013 Lors de l\u2019\u00e9dition de cette ann\u00e9e de la conf\u00e9rence OpenLab, ayant pour th\u00e8me \u00ab\u00a0Cr\u00e9er des connaissances par la recherche participative\u00a0\u00bb, l\u2019\u00e9quipe PED4ALL a pr\u00e9sent\u00e9 son dernier article acad\u00e9mique intitul\u00e9 \u201cCo-producing just energy transition pathways for Cureghem &#8211; Preliminary insights from the PED4ALL project on PED development in complex urban neighbourhoods\u201d. [&hellip;]<\/p>\n","protected":false},"author":7,"featured_media":4403,"comment_status":"open","ping_status":"open","sticky":false,"template":"","format":"standard","meta":{"_et_pb_use_builder":"","_et_pb_old_content":"","_et_gb_content_width":"","inline_featured_image":false,"footnotes":""},"categories":[134,94,133,132],"tags":[],"class_list":["post-4532","post","type-post","status-publish","format-standard","has-post-thumbnail","hentry","category-actualites","category-brussels-cureghem","category-evenements","category-villes"],"yoast_head":"<!-- This site is optimized with the Yoast SEO plugin v24.6 - https:\/\/yoast.com\/wordpress\/plugins\/seo\/ -->\n<title>L\u2019\u00e9quipe PED4ALL pr\u00e9sente ses recherches sur les transitions \u00e9nerg\u00e9tiques justes \u00e0 la conf\u00e9rence OpenLab.Brussels - ped4all<\/title>\n<meta name=\"robots\" content=\"index, follow, max-snippet:-1, max-image-preview:large, max-video-preview:-1\" \/>\n<link rel=\"canonical\" href=\"https:\/\/ped4all.eu\/fr\/2024\/11\/15\/lequipe-ped4all-presente-ses-recherches-sur-les-transitions-energetiques-justes-a-la-conference-openlab-brussels\/\" \/>\n<meta property=\"og:locale\" content=\"fr_FR\" \/>\n<meta property=\"og:type\" content=\"article\" \/>\n<meta property=\"og:title\" content=\"L\u2019\u00e9quipe PED4ALL pr\u00e9sente ses recherches sur les transitions \u00e9nerg\u00e9tiques justes \u00e0 la conf\u00e9rence OpenLab.Brussels - ped4all\" \/>\n<meta property=\"og:description\" content=\"Bruxelles, 13-14 novembre 2024 \u2013 Lors de l\u2019\u00e9dition de cette ann\u00e9e de la conf\u00e9rence OpenLab, ayant pour th\u00e8me \u00ab\u00a0Cr\u00e9er des connaissances par la recherche participative\u00a0\u00bb, l\u2019\u00e9quipe PED4ALL a pr\u00e9sent\u00e9 son dernier article acad\u00e9mique intitul\u00e9 \u201cCo-producing just energy transition pathways for Cureghem &#8211; Preliminary insights from the PED4ALL project on PED development in complex urban neighbourhoods\u201d. [&hellip;]\" \/>\n<meta property=\"og:url\" content=\"https:\/\/ped4all.eu\/fr\/2024\/11\/15\/lequipe-ped4all-presente-ses-recherches-sur-les-transitions-energetiques-justes-a-la-conference-openlab-brussels\/\" \/>\n<meta property=\"og:site_name\" content=\"ped4all\" \/>\n<meta property=\"article:published_time\" content=\"2024-11-15T14:10:00+00:00\" \/>\n<meta property=\"article:modified_time\" content=\"2025-04-14T12:27:06+00:00\" \/>\n<meta property=\"og:image\" content=\"https:\/\/ped4all.eu\/wp-content\/uploads\/2025\/03\/dither_it_Picture900.jpg\" \/>\n\t<meta property=\"og:image:width\" content=\"500\" \/>\n\t<meta property=\"og:image:height\" content=\"380\" \/>\n\t<meta property=\"og:image:type\" content=\"image\/jpeg\" \/>\n<meta name=\"author\" content=\"Laura Shllaku\" \/>\n<meta name=\"twitter:card\" content=\"summary_large_image\" \/>\n<meta name=\"twitter:label1\" content=\"\u00c9crit par\" \/>\n\t<meta name=\"twitter:data1\" content=\"Laura Shllaku\" \/>\n\t<meta name=\"twitter:label2\" content=\"Dur\u00e9e de lecture estim\u00e9e\" \/>\n\t<meta name=\"twitter:data2\" content=\"2 minutes\" \/>\n<script type=\"application\/ld+json\" class=\"yoast-schema-graph\">{\"@context\":\"https:\/\/schema.org\",\"@graph\":[{\"@type\":\"WebPage\",\"@id\":\"https:\/\/ped4all.eu\/fr\/2024\/11\/15\/lequipe-ped4all-presente-ses-recherches-sur-les-transitions-energetiques-justes-a-la-conference-openlab-brussels\/\",\"url\":\"https:\/\/ped4all.eu\/fr\/2024\/11\/15\/lequipe-ped4all-presente-ses-recherches-sur-les-transitions-energetiques-justes-a-la-conference-openlab-brussels\/\",\"name\":\"L\u2019\u00e9quipe PED4ALL pr\u00e9sente ses recherches sur les transitions \u00e9nerg\u00e9tiques justes \u00e0 la conf\u00e9rence OpenLab.Brussels - ped4all\",\"isPartOf\":{\"@id\":\"https:\/\/ped4all.eu\/fr\/#website\"},\"primaryImageOfPage\":{\"@id\":\"https:\/\/ped4all.eu\/fr\/2024\/11\/15\/lequipe-ped4all-presente-ses-recherches-sur-les-transitions-energetiques-justes-a-la-conference-openlab-brussels\/#primaryimage\"},\"image\":{\"@id\":\"https:\/\/ped4all.eu\/fr\/2024\/11\/15\/lequipe-ped4all-presente-ses-recherches-sur-les-transitions-energetiques-justes-a-la-conference-openlab-brussels\/#primaryimage\"},\"thumbnailUrl\":\"https:\/\/i0.wp.com\/ped4all.eu\/wp-content\/uploads\/2025\/03\/dither_it_Picture900.jpg?fit=500%2C380&ssl=1\",\"datePublished\":\"2024-11-15T14:10:00+00:00\",\"dateModified\":\"2025-04-14T12:27:06+00:00\",\"author\":{\"@id\":\"https:\/\/ped4all.eu\/fr\/#\/schema\/person\/ae8b35e4b26060304dc8106a37b34b41\"},\"breadcrumb\":{\"@id\":\"https:\/\/ped4all.eu\/fr\/2024\/11\/15\/lequipe-ped4all-presente-ses-recherches-sur-les-transitions-energetiques-justes-a-la-conference-openlab-brussels\/#breadcrumb\"},\"inLanguage\":\"fr-FR\",\"potentialAction\":[{\"@type\":\"ReadAction\",\"target\":[\"https:\/\/ped4all.eu\/fr\/2024\/11\/15\/lequipe-ped4all-presente-ses-recherches-sur-les-transitions-energetiques-justes-a-la-conference-openlab-brussels\/\"]}]},{\"@type\":\"ImageObject\",\"inLanguage\":\"fr-FR\",\"@id\":\"https:\/\/ped4all.eu\/fr\/2024\/11\/15\/lequipe-ped4all-presente-ses-recherches-sur-les-transitions-energetiques-justes-a-la-conference-openlab-brussels\/#primaryimage\",\"url\":\"https:\/\/i0.wp.com\/ped4all.eu\/wp-content\/uploads\/2025\/03\/dither_it_Picture900.jpg?fit=500%2C380&ssl=1\",\"contentUrl\":\"https:\/\/i0.wp.com\/ped4all.eu\/wp-content\/uploads\/2025\/03\/dither_it_Picture900.jpg?fit=500%2C380&ssl=1\",\"width\":500,\"height\":380},{\"@type\":\"BreadcrumbList\",\"@id\":\"https:\/\/ped4all.eu\/fr\/2024\/11\/15\/lequipe-ped4all-presente-ses-recherches-sur-les-transitions-energetiques-justes-a-la-conference-openlab-brussels\/#breadcrumb\",\"itemListElement\":[{\"@type\":\"ListItem\",\"position\":1,\"name\":\"Home\",\"item\":\"https:\/\/ped4all.eu\/fr\/\"},{\"@type\":\"ListItem\",\"position\":2,\"name\":\"L\u2019\u00e9quipe PED4ALL pr\u00e9sente ses recherches sur les transitions \u00e9nerg\u00e9tiques justes \u00e0 la conf\u00e9rence OpenLab.Brussels\"}]},{\"@type\":\"WebSite\",\"@id\":\"https:\/\/ped4all.eu\/fr\/#website\",\"url\":\"https:\/\/ped4all.eu\/fr\/\",\"name\":\"Positive Energy Disctricts for All\",\"description\":\"Positive energy discrict for all\",\"potentialAction\":[{\"@type\":\"SearchAction\",\"target\":{\"@type\":\"EntryPoint\",\"urlTemplate\":\"https:\/\/ped4all.eu\/fr\/?s={search_term_string}\"},\"query-input\":{\"@type\":\"PropertyValueSpecification\",\"valueRequired\":true,\"valueName\":\"search_term_string\"}}],\"inLanguage\":\"fr-FR\"},{\"@type\":\"Person\",\"@id\":\"https:\/\/ped4all.eu\/fr\/#\/schema\/person\/ae8b35e4b26060304dc8106a37b34b41\",\"name\":\"Laura Shllaku\",\"image\":{\"@type\":\"ImageObject\",\"inLanguage\":\"fr-FR\",\"@id\":\"https:\/\/ped4all.eu\/fr\/#\/schema\/person\/image\/\",\"url\":\"https:\/\/secure.gravatar.com\/avatar\/163b28094235c290f2d597f37f15a7b3973bc6afb4f696e383d3856396c3dd5e?s=96&d=mm&r=g\",\"contentUrl\":\"https:\/\/secure.gravatar.com\/avatar\/163b28094235c290f2d597f37f15a7b3973bc6afb4f696e383d3856396c3dd5e?s=96&d=mm&r=g\",\"caption\":\"Laura Shllaku\"},\"sameAs\":[\"http:\/\/ped4all.eu\"],\"url\":\"https:\/\/ped4all.eu\/fr\/author\/laura-shllaku\/\"}]}<\/script>\n<!-- \/ Yoast SEO plugin. -->","yoast_head_json":{"title":"L\u2019\u00e9quipe PED4ALL pr\u00e9sente ses recherches sur les transitions \u00e9nerg\u00e9tiques justes \u00e0 la conf\u00e9rence OpenLab.Brussels - ped4all","robots":{"index":"index","follow":"follow","max-snippet":"max-snippet:-1","max-image-preview":"max-image-preview:large","max-video-preview":"max-video-preview:-1"},"canonical":"https:\/\/ped4all.eu\/fr\/2024\/11\/15\/lequipe-ped4all-presente-ses-recherches-sur-les-transitions-energetiques-justes-a-la-conference-openlab-brussels\/","og_locale":"fr_FR","og_type":"article","og_title":"L\u2019\u00e9quipe PED4ALL pr\u00e9sente ses recherches sur les transitions \u00e9nerg\u00e9tiques justes \u00e0 la conf\u00e9rence OpenLab.Brussels - ped4all","og_description":"Bruxelles, 13-14 novembre 2024 \u2013 Lors de l\u2019\u00e9dition de cette ann\u00e9e de la conf\u00e9rence OpenLab, ayant pour th\u00e8me \u00ab\u00a0Cr\u00e9er des connaissances par la recherche participative\u00a0\u00bb, l\u2019\u00e9quipe PED4ALL a pr\u00e9sent\u00e9 son dernier article acad\u00e9mique intitul\u00e9 \u201cCo-producing just energy transition pathways for Cureghem &#8211; Preliminary insights from the PED4ALL project on PED development in complex urban neighbourhoods\u201d. [&hellip;]","og_url":"https:\/\/ped4all.eu\/fr\/2024\/11\/15\/lequipe-ped4all-presente-ses-recherches-sur-les-transitions-energetiques-justes-a-la-conference-openlab-brussels\/","og_site_name":"ped4all","article_published_time":"2024-11-15T14:10:00+00:00","article_modified_time":"2025-04-14T12:27:06+00:00","og_image":[{"width":500,"height":380,"url":"https:\/\/ped4all.eu\/wp-content\/uploads\/2025\/03\/dither_it_Picture900.jpg","type":"image\/jpeg"}],"author":"Laura Shllaku","twitter_card":"summary_large_image","twitter_misc":{"\u00c9crit par":"Laura Shllaku","Dur\u00e9e de lecture estim\u00e9e":"2 minutes"},"schema":{"@context":"https:\/\/schema.org","@graph":[{"@type":"WebPage","@id":"https:\/\/ped4all.eu\/fr\/2024\/11\/15\/lequipe-ped4all-presente-ses-recherches-sur-les-transitions-energetiques-justes-a-la-conference-openlab-brussels\/","url":"https:\/\/ped4all.eu\/fr\/2024\/11\/15\/lequipe-ped4all-presente-ses-recherches-sur-les-transitions-energetiques-justes-a-la-conference-openlab-brussels\/","name":"L\u2019\u00e9quipe PED4ALL pr\u00e9sente ses recherches sur les transitions \u00e9nerg\u00e9tiques justes \u00e0 la conf\u00e9rence OpenLab.Brussels - ped4all","isPartOf":{"@id":"https:\/\/ped4all.eu\/fr\/#website"},"primaryImageOfPage":{"@id":"https:\/\/ped4all.eu\/fr\/2024\/11\/15\/lequipe-ped4all-presente-ses-recherches-sur-les-transitions-energetiques-justes-a-la-conference-openlab-brussels\/#primaryimage"},"image":{"@id":"https:\/\/ped4all.eu\/fr\/2024\/11\/15\/lequipe-ped4all-presente-ses-recherches-sur-les-transitions-energetiques-justes-a-la-conference-openlab-brussels\/#primaryimage"},"thumbnailUrl":"https:\/\/i0.wp.com\/ped4all.eu\/wp-content\/uploads\/2025\/03\/dither_it_Picture900.jpg?fit=500%2C380&ssl=1","datePublished":"2024-11-15T14:10:00+00:00","dateModified":"2025-04-14T12:27:06+00:00","author":{"@id":"https:\/\/ped4all.eu\/fr\/#\/schema\/person\/ae8b35e4b26060304dc8106a37b34b41"},"breadcrumb":{"@id":"https:\/\/ped4all.eu\/fr\/2024\/11\/15\/lequipe-ped4all-presente-ses-recherches-sur-les-transitions-energetiques-justes-a-la-conference-openlab-brussels\/#breadcrumb"},"inLanguage":"fr-FR","potentialAction":[{"@type":"ReadAction","target":["https:\/\/ped4all.eu\/fr\/2024\/11\/15\/lequipe-ped4all-presente-ses-recherches-sur-les-transitions-energetiques-justes-a-la-conference-openlab-brussels\/"]}]},{"@type":"ImageObject","inLanguage":"fr-FR","@id":"https:\/\/ped4all.eu\/fr\/2024\/11\/15\/lequipe-ped4all-presente-ses-recherches-sur-les-transitions-energetiques-justes-a-la-conference-openlab-brussels\/#primaryimage","url":"https:\/\/i0.wp.com\/ped4all.eu\/wp-content\/uploads\/2025\/03\/dither_it_Picture900.jpg?fit=500%2C380&ssl=1","contentUrl":"https:\/\/i0.wp.com\/ped4all.eu\/wp-content\/uploads\/2025\/03\/dither_it_Picture900.jpg?fit=500%2C380&ssl=1","width":500,"height":380},{"@type":"BreadcrumbList","@id":"https:\/\/ped4all.eu\/fr\/2024\/11\/15\/lequipe-ped4all-presente-ses-recherches-sur-les-transitions-energetiques-justes-a-la-conference-openlab-brussels\/#breadcrumb","itemListElement":[{"@type":"ListItem","position":1,"name":"Home","item":"https:\/\/ped4all.eu\/fr\/"},{"@type":"ListItem","position":2,"name":"L\u2019\u00e9quipe PED4ALL pr\u00e9sente ses recherches sur les transitions \u00e9nerg\u00e9tiques justes \u00e0 la conf\u00e9rence OpenLab.Brussels"}]},{"@type":"WebSite","@id":"https:\/\/ped4all.eu\/fr\/#website","url":"https:\/\/ped4all.eu\/fr\/","name":"Positive Energy Disctricts for All","description":"Positive energy discrict for all","potentialAction":[{"@type":"SearchAction","target":{"@type":"EntryPoint","urlTemplate":"https:\/\/ped4all.eu\/fr\/?s={search_term_string}"},"query-input":{"@type":"PropertyValueSpecification","valueRequired":true,"valueName":"search_term_string"}}],"inLanguage":"fr-FR"},{"@type":"Person","@id":"https:\/\/ped4all.eu\/fr\/#\/schema\/person\/ae8b35e4b26060304dc8106a37b34b41","name":"Laura Shllaku","image":{"@type":"ImageObject","inLanguage":"fr-FR","@id":"https:\/\/ped4all.eu\/fr\/#\/schema\/person\/image\/","url":"https:\/\/secure.gravatar.com\/avatar\/163b28094235c290f2d597f37f15a7b3973bc6afb4f696e383d3856396c3dd5e?s=96&d=mm&r=g","contentUrl":"https:\/\/secure.gravatar.com\/avatar\/163b28094235c290f2d597f37f15a7b3973bc6afb4f696e383d3856396c3dd5e?s=96&d=mm&r=g","caption":"Laura Shllaku"},"sameAs":["http:\/\/ped4all.eu"],"url":"https:\/\/ped4all.eu\/fr\/author\/laura-shllaku\/"}]}},"_links":{"self":[{"href":"https:\/\/ped4all.eu\/fr\/wp-json\/wp\/v2\/posts\/4532","targetHints":{"allow":["GET"]}}],"collection":[{"href":"https:\/\/ped4all.eu\/fr\/wp-json\/wp\/v2\/posts"}],"about":[{"href":"https:\/\/ped4all.eu\/fr\/wp-json\/wp\/v2\/types\/post"}],"author":[{"embeddable":true,"href":"https:\/\/ped4all.eu\/fr\/wp-json\/wp\/v2\/users\/7"}],"replies":[{"embeddable":true,"href":"https:\/\/ped4all.eu\/fr\/wp-json\/wp\/v2\/comments?post=4532"}],"version-history":[{"count":2,"href":"https:\/\/ped4all.eu\/fr\/wp-json\/wp\/v2\/posts\/4532\/revisions"}],"predecessor-version":[{"id":4671,"href":"https:\/\/ped4all.eu\/fr\/wp-json\/wp\/v2\/posts\/4532\/revisions\/4671"}],"wp:featuredmedia":[{"embeddable":true,"href":"https:\/\/ped4all.eu\/fr\/wp-json\/wp\/v2\/media\/4403"}],"wp:attachment":[{"href":"https:\/\/ped4all.eu\/fr\/wp-json\/wp\/v2\/media?parent=4532"}],"wp:term":[{"taxonomy":"category","embeddable":true,"href":"https:\/\/ped4all.eu\/fr\/wp-json\/wp\/v2\/categories?post=4532"},{"taxonomy":"post_tag","embeddable":true,"href":"https:\/\/ped4all.eu\/fr\/wp-json\/wp\/v2\/tags?post=4532"}],"curies":[{"name":"wp","href":"https:\/\/api.w.org\/{rel}","templated":true}]}}