{"id":4545,"date":"2024-10-01T13:48:00","date_gmt":"2024-10-01T12:48:00","guid":{"rendered":"https:\/\/ped4all.eu\/2024\/10\/01\/sehir-isi-adasi-fenomeni-sirasinda-enerji-tuketimini-azaltmak-icin-romada-biyoklimatik-cozumler-test-ediliyor\/"},"modified":"2025-04-14T13:30:43","modified_gmt":"2025-04-14T12:30:43","slug":"sehir-isi-adasi-fenomeni-sirasinda-enerji-tuketimini-azaltmak-icin-romada-biyoklimatik-cozumler-test-ediliyor","status":"publish","type":"post","link":"https:\/\/ped4all.eu\/tr\/2024\/10\/01\/sehir-isi-adasi-fenomeni-sirasinda-enerji-tuketimini-azaltmak-icin-romada-biyoklimatik-cozumler-test-ediliyor\/","title":{"rendered":"\u015eehir \u0131s\u0131 adas\u0131 fenomeni s\u0131ras\u0131nda enerji t\u00fcketimini azaltmak i\u00e7in Roma&#8217;da biyoklimatik \u00e7\u00f6z\u00fcmler test ediliyor"},"content":{"rendered":"\n<p><em>Roma, Ekim 2024. <\/em>Kentsel \u0131s\u0131 adalar\u0131, \u00f6zellikle klima ve vantilat\u00f6r gibi so\u011futma cihazlar\u0131n\u0131n yo\u011fun kullan\u0131m\u0131 nedeniyle Ostiense b\u00f6lgesinde yaz aylar\u0131nda elektrik t\u00fcketimini \u00f6nemli \u00f6l\u00e7\u00fcde art\u0131rmaktad\u0131r. Yo\u011fun s\u0131cakl\u0131k, ayn\u0131 zamanda kentsel yap\u0131dan da kaynaklanmaktad\u0131r: geni\u015f mineral ve kapal\u0131 y\u00fczeyler \u0131s\u0131y\u0131 emerek atmosferin daha da \u0131s\u0131nmas\u0131na neden olmaktad\u0131r. Bunun sonucu olarak hem a\u00e7\u0131k alanlarda hem de kapal\u0131 mekanlarda sa\u011fl\u0131\u011fa zararl\u0131 olabilecek rahats\u0131z edici bir mikroiklim olu\u015fmaktad\u0131r. Biyoklimatik mimarl\u0131k ve kentsel planlama alan\u0131, bu etkileri hafifletmek i\u00e7in \u00e7e\u015fitli tasar\u0131m \u00e7\u00f6z\u00fcmleri sunmaktad\u0131r.    <br\/><br\/>Ara\u015ft\u0131rma grubu, yerel belediye ile i\u015f birli\u011fi i\u00e7inde kamusal alanlarda iklimin olumsuz etkilerini azaltmaya y\u00f6nelik \u00e7e\u015fitli deneyler y\u00fcr\u00fctmektedir. Bu m\u00fcdahaleler hem kentsel \u0131s\u0131 adalar\u0131n\u0131n etkisini azaltmay\u0131 hem de iklim ve enerji ili\u015fkisine dair fark\u0131ndal\u0131\u011f\u0131 art\u0131rmak amac\u0131yla sosyal bulu\u015fma alanlar\u0131 olu\u015fturmay\u0131 hedeflemektedir. <\/p>\n\n<blockquote class=\"wp-block-quote is-layout-flow wp-block-quote-is-layout-flow\">\n<p>Is\u0131 emilimini azaltmak i\u00e7in d\u00fc\u015f\u00fck albedolu (g\u00fcne\u015f \u0131\u015f\u0131\u011f\u0131n\u0131 daha az yans\u0131tan) bir boya kaplamas\u0131 uygulanm\u0131\u015ft\u0131r. Bu giri\u015fim, ayn\u0131 zamanda bu t\u00fcr m\u00fcdahalelerin Roma\u2019n\u0131n kamusal alanlar\u0131nda uygulanabilirli\u011fini test etmek ve yerel toplulu\u011fu s\u00fcrece dahil etmek i\u00e7in bir f\u0131rsat sunmu\u015ftur. <\/p>\n<\/blockquote>\n\n<figure class=\"wp-block-image alignwide size-full\"><img data-recalc-dims=\"1\" loading=\"lazy\" decoding=\"async\" width=\"500\" height=\"332\" src=\"https:\/\/i0.wp.com\/ped4all.eu\/wp-content\/uploads\/2024\/10\/dither_it_Picture5blue.jpg?resize=500%2C332&#038;ssl=1\" alt=\"\" class=\"wp-image-4674\" srcset=\"https:\/\/ped4all.eu\/wp-content\/uploads\/2024\/10\/dither_it_Picture5blue.jpg 500w, https:\/\/ped4all.eu\/wp-content\/uploads\/2024\/10\/dither_it_Picture5blue-480x319.jpg 480w\" sizes=\"(min-width: 0px) and (max-width: 480px) 480px, (min-width: 481px) 500px, 100vw\" \/><\/figure>\n\n<p>\u0130lk m\u00fcdahale, yerel bir okulun \u00f6n\u00fcndeki geni\u015f asfalt kald\u0131r\u0131m\u0131 d\u00f6n\u00fc\u015ft\u00fcrmeyi kapsamaktad\u0131r. \u00d6\u011frencilerden olu\u015fan bir grupla birlikte, \u0131s\u0131 emilimini azaltmak i\u00e7in d\u00fc\u015f\u00fck albedolu bir boya kaplamas\u0131 uygulanm\u0131\u015ft\u0131r. Bu giri\u015fim, ayn\u0131 zamanda Roma\u2019n\u0131n kamusal alanlar\u0131nda bu t\u00fcr uygulamalar\u0131n ger\u00e7ekle\u015ftirilebilirli\u011fini test etmek ve yerel toplumu s\u00fcrece dahil etmek i\u00e7in bir f\u0131rsat sunmu\u015ftur.  <\/p>\n\n<figure class=\"wp-block-image alignwide size-full\"><img data-recalc-dims=\"1\" loading=\"lazy\" decoding=\"async\" width=\"500\" height=\"332\" src=\"https:\/\/i0.wp.com\/ped4all.eu\/wp-content\/uploads\/2024\/10\/dither_it_Picture6blue.jpg?resize=500%2C332&#038;ssl=1\" alt=\"\" class=\"wp-image-4679\" srcset=\"https:\/\/ped4all.eu\/wp-content\/uploads\/2024\/10\/dither_it_Picture6blue.jpg 500w, https:\/\/ped4all.eu\/wp-content\/uploads\/2024\/10\/dither_it_Picture6blue-480x319.jpg 480w\" sizes=\"(min-width: 0px) and (max-width: 480px) 480px, (min-width: 481px) 500px, 100vw\" \/><\/figure>\n\n<p>\u0130kinci m\u00fcdahale ise kamusal alanlara yerle\u015ftirilmek \u00fczere bir so\u011futma ve g\u00f6lgelendirme yap\u0131s\u0131n\u0131n olu\u015fturulmas\u0131n\u0131 i\u00e7ermektedir. Yap\u0131, Roma\u2019n\u0131n d\u00f6rt bir yan\u0131nda bulunan s\u00fcrekli akan halka a\u00e7\u0131k \u00e7e\u015fmelerden beslenen k\u00fc\u00e7\u00fck bir havuz ve bir pergoladan olu\u015fmaktad\u0131r. Asl\u0131nda, \u015fehrin her yerine da\u011f\u0131lm\u0131\u015f olan ve s\u00fcrekli akan su sa\u011flayan tipik \u201cnasoni\u201d \u00e7e\u015fmeleri, s\u00fcrekli ak\u0131\u015f sa\u011flayan bir su kemeri taraf\u0131ndan beslenmektedir. Bu m\u00fcdahale, bu kayna\u011f\u0131 optimize ederek serin suyun depolanmas\u0131n\u0131 sa\u011flamaktad\u0131r. B\u00f6ylece hem iklim d\u00fczenleyici bir \u00f6\u011fe hem de insanlar\u0131n serinleyip rahatlayabilece\u011fi bir sosyal alan olarak i\u015flev g\u00f6rmektedir.<br\/>T\u00fcm bu deneyler \u00fc\u00e7 temel amaca hizmet etmektedir: kentsel alanlardaki \u0131s\u0131 azaltma \u00f6nlemlerinin etkinli\u011fini test etmek ve \u00f6l\u00e7mek, kamusal alanlar\u0131 daha ya\u015fanabilir hale getirmek i\u00e7in sosyal etkile\u015fimi te\u015fvik eden unsurlar eklemek ve toplumda fark\u0131ndal\u0131k yaratmak i\u00e7in f\u0131rsatlar olu\u015fturmakt\u0131r.    <\/p>\n\n<figure class=\"wp-block-image alignwide size-full\"><img data-recalc-dims=\"1\" loading=\"lazy\" decoding=\"async\" width=\"500\" height=\"340\" src=\"https:\/\/i0.wp.com\/ped4all.eu\/wp-content\/uploads\/2024\/10\/dither_it_Picture7blue.jpg?resize=500%2C340&#038;ssl=1\" alt=\"\" class=\"wp-image-4684\" srcset=\"https:\/\/ped4all.eu\/wp-content\/uploads\/2024\/10\/dither_it_Picture7blue.jpg 500w, https:\/\/ped4all.eu\/wp-content\/uploads\/2024\/10\/dither_it_Picture7blue-480x326.jpg 480w\" sizes=\"(min-width: 0px) and (max-width: 480px) 480px, (min-width: 481px) 500px, 100vw\" \/><\/figure>\n\n<figure class=\"wp-block-image alignfull size-full\"><img data-recalc-dims=\"1\" loading=\"lazy\" decoding=\"async\" width=\"800\" height=\"1068\" src=\"https:\/\/i0.wp.com\/ped4all.eu\/wp-content\/uploads\/2024\/10\/dither_it_Picture8.jpg?resize=800%2C1068&#038;ssl=1\" alt=\"\" class=\"wp-image-4690\" srcset=\"https:\/\/ped4all.eu\/wp-content\/uploads\/2024\/10\/dither_it_Picture8.jpg 800w, https:\/\/ped4all.eu\/wp-content\/uploads\/2024\/10\/dither_it_Picture8-480x641.jpg 480w\" sizes=\"(min-width: 0px) and (max-width: 480px) 480px, (min-width: 481px) 800px, 100vw\" \/><\/figure>\n","protected":false},"excerpt":{"rendered":"<p>Roma, Ekim 2024. Kentsel \u0131s\u0131 adalar\u0131, \u00f6zellikle klima ve vantilat\u00f6r gibi so\u011futma cihazlar\u0131n\u0131n yo\u011fun kullan\u0131m\u0131 nedeniyle Ostiense b\u00f6lgesinde yaz aylar\u0131nda elektrik t\u00fcketimini \u00f6nemli \u00f6l\u00e7\u00fcde art\u0131rmaktad\u0131r. Yo\u011fun s\u0131cakl\u0131k, ayn\u0131 zamanda kentsel yap\u0131dan da kaynaklanmaktad\u0131r: geni\u015f mineral ve kapal\u0131 y\u00fczeyler \u0131s\u0131y\u0131 emerek atmosferin daha da \u0131s\u0131nmas\u0131na neden olmaktad\u0131r. Bunun sonucu olarak hem a\u00e7\u0131k alanlarda hem de kapal\u0131 [&hellip;]<\/p>\n","protected":false},"author":7,"featured_media":4389,"comment_status":"open","ping_status":"open","sticky":false,"template":"","format":"standard","meta":{"_et_pb_use_builder":"","_et_pb_old_content":"","_et_gb_content_width":"","inline_featured_image":false,"footnotes":""},"categories":[144,106,138],"tags":[146,145],"class_list":["post-4545","post","type-post","status-publish","format-standard","has-post-thumbnail","hentry","category-pedler-hakkinda","category-roma-porto-fluviale","category-sehirler","tag-biyoklimatik-cozumler","tag-kentsel-isi"],"yoast_head":"<!-- This site is optimized with the Yoast SEO plugin v24.6 - https:\/\/yoast.com\/wordpress\/plugins\/seo\/ -->\n<title>\u015eehir \u0131s\u0131 adas\u0131 fenomeni s\u0131ras\u0131nda enerji t\u00fcketimini azaltmak i\u00e7in Roma&#039;da biyoklimatik \u00e7\u00f6z\u00fcmler test ediliyor - ped4all<\/title>\n<meta name=\"robots\" content=\"index, follow, max-snippet:-1, max-image-preview:large, max-video-preview:-1\" \/>\n<link rel=\"canonical\" href=\"https:\/\/ped4all.eu\/tr\/2024\/10\/01\/sehir-isi-adasi-fenomeni-sirasinda-enerji-tuketimini-azaltmak-icin-romada-biyoklimatik-cozumler-test-ediliyor\/\" \/>\n<meta property=\"og:locale\" content=\"tr_TR\" \/>\n<meta property=\"og:type\" content=\"article\" \/>\n<meta property=\"og:title\" content=\"\u015eehir \u0131s\u0131 adas\u0131 fenomeni s\u0131ras\u0131nda enerji t\u00fcketimini azaltmak i\u00e7in Roma&#039;da biyoklimatik \u00e7\u00f6z\u00fcmler test ediliyor - ped4all\" \/>\n<meta property=\"og:description\" content=\"Roma, Ekim 2024. Kentsel \u0131s\u0131 adalar\u0131, \u00f6zellikle klima ve vantilat\u00f6r gibi so\u011futma cihazlar\u0131n\u0131n yo\u011fun kullan\u0131m\u0131 nedeniyle Ostiense b\u00f6lgesinde yaz aylar\u0131nda elektrik t\u00fcketimini \u00f6nemli \u00f6l\u00e7\u00fcde art\u0131rmaktad\u0131r. Yo\u011fun s\u0131cakl\u0131k, ayn\u0131 zamanda kentsel yap\u0131dan da kaynaklanmaktad\u0131r: geni\u015f mineral ve kapal\u0131 y\u00fczeyler \u0131s\u0131y\u0131 emerek atmosferin daha da \u0131s\u0131nmas\u0131na neden olmaktad\u0131r. Bunun sonucu olarak hem a\u00e7\u0131k alanlarda hem de kapal\u0131 [&hellip;]\" \/>\n<meta property=\"og:url\" content=\"https:\/\/ped4all.eu\/tr\/2024\/10\/01\/sehir-isi-adasi-fenomeni-sirasinda-enerji-tuketimini-azaltmak-icin-romada-biyoklimatik-cozumler-test-ediliyor\/\" \/>\n<meta property=\"og:site_name\" content=\"ped4all\" \/>\n<meta property=\"article:published_time\" content=\"2024-10-01T12:48:00+00:00\" \/>\n<meta property=\"article:modified_time\" content=\"2025-04-14T12:30:43+00:00\" \/>\n<meta property=\"og:image\" content=\"https:\/\/ped4all.eu\/wp-content\/uploads\/2025\/03\/dither_it_Picture5blue.jpg\" \/>\n\t<meta property=\"og:image:width\" content=\"500\" \/>\n\t<meta property=\"og:image:height\" content=\"332\" \/>\n\t<meta property=\"og:image:type\" content=\"image\/jpeg\" \/>\n<meta name=\"author\" content=\"Laura Shllaku\" \/>\n<meta name=\"twitter:card\" content=\"summary_large_image\" \/>\n<meta name=\"twitter:label1\" content=\"Yazan:\" \/>\n\t<meta name=\"twitter:data1\" content=\"Laura Shllaku\" \/>\n\t<meta name=\"twitter:label2\" content=\"Tahmini okuma s\u00fcresi\" \/>\n\t<meta name=\"twitter:data2\" content=\"2 dakika\" \/>\n<script type=\"application\/ld+json\" class=\"yoast-schema-graph\">{\"@context\":\"https:\/\/schema.org\",\"@graph\":[{\"@type\":\"WebPage\",\"@id\":\"https:\/\/ped4all.eu\/tr\/2024\/10\/01\/sehir-isi-adasi-fenomeni-sirasinda-enerji-tuketimini-azaltmak-icin-romada-biyoklimatik-cozumler-test-ediliyor\/\",\"url\":\"https:\/\/ped4all.eu\/tr\/2024\/10\/01\/sehir-isi-adasi-fenomeni-sirasinda-enerji-tuketimini-azaltmak-icin-romada-biyoklimatik-cozumler-test-ediliyor\/\",\"name\":\"\u015eehir \u0131s\u0131 adas\u0131 fenomeni s\u0131ras\u0131nda enerji t\u00fcketimini azaltmak i\u00e7in Roma'da biyoklimatik \u00e7\u00f6z\u00fcmler test ediliyor - ped4all\",\"isPartOf\":{\"@id\":\"https:\/\/ped4all.eu\/tr\/#website\"},\"primaryImageOfPage\":{\"@id\":\"https:\/\/ped4all.eu\/tr\/2024\/10\/01\/sehir-isi-adasi-fenomeni-sirasinda-enerji-tuketimini-azaltmak-icin-romada-biyoklimatik-cozumler-test-ediliyor\/#primaryimage\"},\"image\":{\"@id\":\"https:\/\/ped4all.eu\/tr\/2024\/10\/01\/sehir-isi-adasi-fenomeni-sirasinda-enerji-tuketimini-azaltmak-icin-romada-biyoklimatik-cozumler-test-ediliyor\/#primaryimage\"},\"thumbnailUrl\":\"https:\/\/i0.wp.com\/ped4all.eu\/wp-content\/uploads\/2025\/03\/dither_it_Picture5blue.jpg?fit=500%2C332&ssl=1\",\"datePublished\":\"2024-10-01T12:48:00+00:00\",\"dateModified\":\"2025-04-14T12:30:43+00:00\",\"author\":{\"@id\":\"https:\/\/ped4all.eu\/tr\/#\/schema\/person\/ae8b35e4b26060304dc8106a37b34b41\"},\"breadcrumb\":{\"@id\":\"https:\/\/ped4all.eu\/tr\/2024\/10\/01\/sehir-isi-adasi-fenomeni-sirasinda-enerji-tuketimini-azaltmak-icin-romada-biyoklimatik-cozumler-test-ediliyor\/#breadcrumb\"},\"inLanguage\":\"tr\",\"potentialAction\":[{\"@type\":\"ReadAction\",\"target\":[\"https:\/\/ped4all.eu\/tr\/2024\/10\/01\/sehir-isi-adasi-fenomeni-sirasinda-enerji-tuketimini-azaltmak-icin-romada-biyoklimatik-cozumler-test-ediliyor\/\"]}]},{\"@type\":\"ImageObject\",\"inLanguage\":\"tr\",\"@id\":\"https:\/\/ped4all.eu\/tr\/2024\/10\/01\/sehir-isi-adasi-fenomeni-sirasinda-enerji-tuketimini-azaltmak-icin-romada-biyoklimatik-cozumler-test-ediliyor\/#primaryimage\",\"url\":\"https:\/\/i0.wp.com\/ped4all.eu\/wp-content\/uploads\/2025\/03\/dither_it_Picture5blue.jpg?fit=500%2C332&ssl=1\",\"contentUrl\":\"https:\/\/i0.wp.com\/ped4all.eu\/wp-content\/uploads\/2025\/03\/dither_it_Picture5blue.jpg?fit=500%2C332&ssl=1\",\"width\":500,\"height\":332},{\"@type\":\"BreadcrumbList\",\"@id\":\"https:\/\/ped4all.eu\/tr\/2024\/10\/01\/sehir-isi-adasi-fenomeni-sirasinda-enerji-tuketimini-azaltmak-icin-romada-biyoklimatik-cozumler-test-ediliyor\/#breadcrumb\",\"itemListElement\":[{\"@type\":\"ListItem\",\"position\":1,\"name\":\"Home\",\"item\":\"https:\/\/ped4all.eu\/tr\/\"},{\"@type\":\"ListItem\",\"position\":2,\"name\":\"\u015eehir \u0131s\u0131 adas\u0131 fenomeni s\u0131ras\u0131nda enerji t\u00fcketimini azaltmak i\u00e7in Roma&#8217;da biyoklimatik \u00e7\u00f6z\u00fcmler test ediliyor\"}]},{\"@type\":\"WebSite\",\"@id\":\"https:\/\/ped4all.eu\/tr\/#website\",\"url\":\"https:\/\/ped4all.eu\/tr\/\",\"name\":\"Positive Energy Disctricts for All\",\"description\":\"Positive energy discrict for all\",\"potentialAction\":[{\"@type\":\"SearchAction\",\"target\":{\"@type\":\"EntryPoint\",\"urlTemplate\":\"https:\/\/ped4all.eu\/tr\/?s={search_term_string}\"},\"query-input\":{\"@type\":\"PropertyValueSpecification\",\"valueRequired\":true,\"valueName\":\"search_term_string\"}}],\"inLanguage\":\"tr\"},{\"@type\":\"Person\",\"@id\":\"https:\/\/ped4all.eu\/tr\/#\/schema\/person\/ae8b35e4b26060304dc8106a37b34b41\",\"name\":\"Laura Shllaku\",\"image\":{\"@type\":\"ImageObject\",\"inLanguage\":\"tr\",\"@id\":\"https:\/\/ped4all.eu\/tr\/#\/schema\/person\/image\/\",\"url\":\"https:\/\/secure.gravatar.com\/avatar\/163b28094235c290f2d597f37f15a7b3973bc6afb4f696e383d3856396c3dd5e?s=96&d=mm&r=g\",\"contentUrl\":\"https:\/\/secure.gravatar.com\/avatar\/163b28094235c290f2d597f37f15a7b3973bc6afb4f696e383d3856396c3dd5e?s=96&d=mm&r=g\",\"caption\":\"Laura Shllaku\"},\"sameAs\":[\"http:\/\/ped4all.eu\"],\"url\":\"https:\/\/ped4all.eu\/tr\/author\/laura-shllaku\/\"}]}<\/script>\n<!-- \/ Yoast SEO plugin. -->","yoast_head_json":{"title":"\u015eehir \u0131s\u0131 adas\u0131 fenomeni s\u0131ras\u0131nda enerji t\u00fcketimini azaltmak i\u00e7in Roma'da biyoklimatik \u00e7\u00f6z\u00fcmler test ediliyor - ped4all","robots":{"index":"index","follow":"follow","max-snippet":"max-snippet:-1","max-image-preview":"max-image-preview:large","max-video-preview":"max-video-preview:-1"},"canonical":"https:\/\/ped4all.eu\/tr\/2024\/10\/01\/sehir-isi-adasi-fenomeni-sirasinda-enerji-tuketimini-azaltmak-icin-romada-biyoklimatik-cozumler-test-ediliyor\/","og_locale":"tr_TR","og_type":"article","og_title":"\u015eehir \u0131s\u0131 adas\u0131 fenomeni s\u0131ras\u0131nda enerji t\u00fcketimini azaltmak i\u00e7in Roma'da biyoklimatik \u00e7\u00f6z\u00fcmler test ediliyor - ped4all","og_description":"Roma, Ekim 2024. Kentsel \u0131s\u0131 adalar\u0131, \u00f6zellikle klima ve vantilat\u00f6r gibi so\u011futma cihazlar\u0131n\u0131n yo\u011fun kullan\u0131m\u0131 nedeniyle Ostiense b\u00f6lgesinde yaz aylar\u0131nda elektrik t\u00fcketimini \u00f6nemli \u00f6l\u00e7\u00fcde art\u0131rmaktad\u0131r. Yo\u011fun s\u0131cakl\u0131k, ayn\u0131 zamanda kentsel yap\u0131dan da kaynaklanmaktad\u0131r: geni\u015f mineral ve kapal\u0131 y\u00fczeyler \u0131s\u0131y\u0131 emerek atmosferin daha da \u0131s\u0131nmas\u0131na neden olmaktad\u0131r. Bunun sonucu olarak hem a\u00e7\u0131k alanlarda hem de kapal\u0131 [&hellip;]","og_url":"https:\/\/ped4all.eu\/tr\/2024\/10\/01\/sehir-isi-adasi-fenomeni-sirasinda-enerji-tuketimini-azaltmak-icin-romada-biyoklimatik-cozumler-test-ediliyor\/","og_site_name":"ped4all","article_published_time":"2024-10-01T12:48:00+00:00","article_modified_time":"2025-04-14T12:30:43+00:00","og_image":[{"width":500,"height":332,"url":"https:\/\/ped4all.eu\/wp-content\/uploads\/2025\/03\/dither_it_Picture5blue.jpg","type":"image\/jpeg"}],"author":"Laura Shllaku","twitter_card":"summary_large_image","twitter_misc":{"Yazan:":"Laura Shllaku","Tahmini okuma s\u00fcresi":"2 dakika"},"schema":{"@context":"https:\/\/schema.org","@graph":[{"@type":"WebPage","@id":"https:\/\/ped4all.eu\/tr\/2024\/10\/01\/sehir-isi-adasi-fenomeni-sirasinda-enerji-tuketimini-azaltmak-icin-romada-biyoklimatik-cozumler-test-ediliyor\/","url":"https:\/\/ped4all.eu\/tr\/2024\/10\/01\/sehir-isi-adasi-fenomeni-sirasinda-enerji-tuketimini-azaltmak-icin-romada-biyoklimatik-cozumler-test-ediliyor\/","name":"\u015eehir \u0131s\u0131 adas\u0131 fenomeni s\u0131ras\u0131nda enerji t\u00fcketimini azaltmak i\u00e7in Roma'da biyoklimatik \u00e7\u00f6z\u00fcmler test ediliyor - ped4all","isPartOf":{"@id":"https:\/\/ped4all.eu\/tr\/#website"},"primaryImageOfPage":{"@id":"https:\/\/ped4all.eu\/tr\/2024\/10\/01\/sehir-isi-adasi-fenomeni-sirasinda-enerji-tuketimini-azaltmak-icin-romada-biyoklimatik-cozumler-test-ediliyor\/#primaryimage"},"image":{"@id":"https:\/\/ped4all.eu\/tr\/2024\/10\/01\/sehir-isi-adasi-fenomeni-sirasinda-enerji-tuketimini-azaltmak-icin-romada-biyoklimatik-cozumler-test-ediliyor\/#primaryimage"},"thumbnailUrl":"https:\/\/i0.wp.com\/ped4all.eu\/wp-content\/uploads\/2025\/03\/dither_it_Picture5blue.jpg?fit=500%2C332&ssl=1","datePublished":"2024-10-01T12:48:00+00:00","dateModified":"2025-04-14T12:30:43+00:00","author":{"@id":"https:\/\/ped4all.eu\/tr\/#\/schema\/person\/ae8b35e4b26060304dc8106a37b34b41"},"breadcrumb":{"@id":"https:\/\/ped4all.eu\/tr\/2024\/10\/01\/sehir-isi-adasi-fenomeni-sirasinda-enerji-tuketimini-azaltmak-icin-romada-biyoklimatik-cozumler-test-ediliyor\/#breadcrumb"},"inLanguage":"tr","potentialAction":[{"@type":"ReadAction","target":["https:\/\/ped4all.eu\/tr\/2024\/10\/01\/sehir-isi-adasi-fenomeni-sirasinda-enerji-tuketimini-azaltmak-icin-romada-biyoklimatik-cozumler-test-ediliyor\/"]}]},{"@type":"ImageObject","inLanguage":"tr","@id":"https:\/\/ped4all.eu\/tr\/2024\/10\/01\/sehir-isi-adasi-fenomeni-sirasinda-enerji-tuketimini-azaltmak-icin-romada-biyoklimatik-cozumler-test-ediliyor\/#primaryimage","url":"https:\/\/i0.wp.com\/ped4all.eu\/wp-content\/uploads\/2025\/03\/dither_it_Picture5blue.jpg?fit=500%2C332&ssl=1","contentUrl":"https:\/\/i0.wp.com\/ped4all.eu\/wp-content\/uploads\/2025\/03\/dither_it_Picture5blue.jpg?fit=500%2C332&ssl=1","width":500,"height":332},{"@type":"BreadcrumbList","@id":"https:\/\/ped4all.eu\/tr\/2024\/10\/01\/sehir-isi-adasi-fenomeni-sirasinda-enerji-tuketimini-azaltmak-icin-romada-biyoklimatik-cozumler-test-ediliyor\/#breadcrumb","itemListElement":[{"@type":"ListItem","position":1,"name":"Home","item":"https:\/\/ped4all.eu\/tr\/"},{"@type":"ListItem","position":2,"name":"\u015eehir \u0131s\u0131 adas\u0131 fenomeni s\u0131ras\u0131nda enerji t\u00fcketimini azaltmak i\u00e7in Roma&#8217;da biyoklimatik \u00e7\u00f6z\u00fcmler test ediliyor"}]},{"@type":"WebSite","@id":"https:\/\/ped4all.eu\/tr\/#website","url":"https:\/\/ped4all.eu\/tr\/","name":"Positive Energy Disctricts for All","description":"Positive energy discrict for all","potentialAction":[{"@type":"SearchAction","target":{"@type":"EntryPoint","urlTemplate":"https:\/\/ped4all.eu\/tr\/?s={search_term_string}"},"query-input":{"@type":"PropertyValueSpecification","valueRequired":true,"valueName":"search_term_string"}}],"inLanguage":"tr"},{"@type":"Person","@id":"https:\/\/ped4all.eu\/tr\/#\/schema\/person\/ae8b35e4b26060304dc8106a37b34b41","name":"Laura Shllaku","image":{"@type":"ImageObject","inLanguage":"tr","@id":"https:\/\/ped4all.eu\/tr\/#\/schema\/person\/image\/","url":"https:\/\/secure.gravatar.com\/avatar\/163b28094235c290f2d597f37f15a7b3973bc6afb4f696e383d3856396c3dd5e?s=96&d=mm&r=g","contentUrl":"https:\/\/secure.gravatar.com\/avatar\/163b28094235c290f2d597f37f15a7b3973bc6afb4f696e383d3856396c3dd5e?s=96&d=mm&r=g","caption":"Laura Shllaku"},"sameAs":["http:\/\/ped4all.eu"],"url":"https:\/\/ped4all.eu\/tr\/author\/laura-shllaku\/"}]}},"_links":{"self":[{"href":"https:\/\/ped4all.eu\/tr\/wp-json\/wp\/v2\/posts\/4545","targetHints":{"allow":["GET"]}}],"collection":[{"href":"https:\/\/ped4all.eu\/tr\/wp-json\/wp\/v2\/posts"}],"about":[{"href":"https:\/\/ped4all.eu\/tr\/wp-json\/wp\/v2\/types\/post"}],"author":[{"embeddable":true,"href":"https:\/\/ped4all.eu\/tr\/wp-json\/wp\/v2\/users\/7"}],"replies":[{"embeddable":true,"href":"https:\/\/ped4all.eu\/tr\/wp-json\/wp\/v2\/comments?post=4545"}],"version-history":[{"count":2,"href":"https:\/\/ped4all.eu\/tr\/wp-json\/wp\/v2\/posts\/4545\/revisions"}],"predecessor-version":[{"id":4699,"href":"https:\/\/ped4all.eu\/tr\/wp-json\/wp\/v2\/posts\/4545\/revisions\/4699"}],"wp:featuredmedia":[{"embeddable":true,"href":"https:\/\/ped4all.eu\/tr\/wp-json\/wp\/v2\/media\/4389"}],"wp:attachment":[{"href":"https:\/\/ped4all.eu\/tr\/wp-json\/wp\/v2\/media?parent=4545"}],"wp:term":[{"taxonomy":"category","embeddable":true,"href":"https:\/\/ped4all.eu\/tr\/wp-json\/wp\/v2\/categories?post=4545"},{"taxonomy":"post_tag","embeddable":true,"href":"https:\/\/ped4all.eu\/tr\/wp-json\/wp\/v2\/tags?post=4545"}],"curies":[{"name":"wp","href":"https:\/\/api.w.org\/{rel}","templated":true}]}}